{"id":2235,"date":"2023-04-15T13:26:45","date_gmt":"2023-04-15T11:26:45","guid":{"rendered":"https:\/\/abifiladelfia-vl.org\/?p=2235"},"modified":"2023-04-15T13:26:45","modified_gmt":"2023-04-15T11:26:45","slug":"pastele-adevarat","status":"publish","type":"post","link":"https:\/\/abifiladelfia-vl.org\/index.php\/2023\/04\/15\/pastele-adevarat\/","title":{"rendered":"PA\u0218TELE ADEV\u0102RAT"},"content":{"rendered":"<p><span style=\"color: #000080;\"><strong><em>\u201e<\/em><\/strong><strong><em>M\u0103tura\u021bi aluatul cel vechi, ca s\u0103 fi\u021bi o pl\u0103m\u0103deal\u0103 nou\u0103, cum \u0219i s\u00eente\u021bi, f\u0103r\u0103 aluat; c\u0103ci Hristos, Pa\u0219tele noastre, a fost jertfit.<\/em><\/strong>\u00a0<strong><em>S\u0103 pr\u0103znuim dar praznicul nu cu un aluat vechi, nici cu un aluat de r\u0103utate \u0219i viclenie, ci cu azimele cur\u0103\u021biei \u0219i adev\u0103rului.<\/em><\/strong><strong><em> \u201d\u00a0<\/em><\/strong> <em>1Cor 5:7-8\u00a0\u00a0<\/em><\/span><\/p>\n<p>Zilele trecute a ie\u0219it \u00een media o discordie destul de mare referitoare la data pa\u0219telui. Ortodoc\u0219ii, dup\u0103 calendarul iulian, iar catolicii dup\u0103 cel gregorian, au pa\u0219tele decalate. Cine are dreptate? \u0218i lucrurile sunt amestecate. Dou\u0103 personalit\u0103\u021bi din Rom\u00e2nia, au ridicat problema revizuirii lucrurilor \u0219i\u00a0 trecerea la calendarul catolic pentru s\u0103rb\u0103torirea pa\u0219telui. Al\u021bii sunt \u00eempotriv\u0103, invoc\u00e2nd momentul aprinderii luminii de la Ierusalim, dup\u0103 calendarul ortodox, nu dup\u0103 cel catolic.<\/p>\n<p>Cine are dreptate?<\/p>\n<p>Cu siguran\u021b\u0103, r\u0103spunsul la aceast\u0103 \u00eentrebare este <!--more-->destul de simplu. Logic vorbind, una din cele dou\u0103 Biserici tradi\u021bionale gre\u0219esc, dac\u0103 nu cumva am\u00e2ndou\u0103.<\/p>\n<p>P\u00e2n\u0103 \u00een 325 s-a mers dup\u0103 calendarul ebraic, \u00een ziua 15, luna \u00eent\u00e2i Nisan.<\/p>\n<p>Apoi, R\u0103s\u0103ritul a stabilit data pa\u0219telui \u00een 325 la conciliul ecumenic de la Niceea, dup\u0103 calendarul iulian. Asta dup\u0103 mai bine de 300 de ani de la eveniment. \u0218i tot \u00een sec 4 au stabilit ca fiecare pa\u0219te s\u0103 se s\u0103rb\u0103toreasc\u0103 duminica.<\/p>\n<p>Noi nu credem c\u0103 data este problema. Ca p\u0103stor \u00a0de turm\u0103 cre\u0219tin\u0103, cred c\u0103 eroarea st\u0103 \u00een urm\u0103torul fapt: Pa\u0219tele nu e o dat\u0103 din calendar, ci o Persoan\u0103 din Sf\u00e2nta Scriptur\u0103 \u2013 Hristos, <em>C\u0103ci pa\u0219tele noastre a fost jertfit<\/em>, cum spune Pavel.<\/p>\n<p>Dar noi cu cine vot\u0103m? Cu ortodoc\u0219ii, sau cu catolicii? Cu to\u021bi \u0219i cu nici unii.<\/p>\n<p>Pe scurt, avem \u00eens\u0103 c\u00e2teva diferen\u021be:<\/p>\n<p>-R\u0103s\u0103ritul \u0219i Apusul sunt iconoduli (cu icoane), noi suntem iconocla\u0219ti (f\u0103r\u0103 icoane),<\/p>\n<p>-Ei sunt tradi\u021bionali\u0219ti, noi evanghelici,<\/p>\n<p>-Ei cu casta preo\u021beasc\u0103, noi cu preo\u021bia universal\u0103,<\/p>\n<p>-Ei cu biserica din c\u0103r\u0103mizi, noi cu biserica din oameni,<\/p>\n<p>-Ei cu data din calendar, noi cu Persoana din Biblie,<\/p>\n<p>-Ei cu o zi, noi cu toate zilele, etc&#8230;<\/p>\n<p>Totu\u0219i, c\u00e2nd a c\u0103zut regimul comunist din Rom\u00e2nia, deciden\u021bii bapti\u0219ti au avut ocazia s\u0103 schimbe data pa\u0219telui, dar au hot\u0103r\u00e2t s\u0103 s\u0103rb\u0103toreasc\u0103 \u00een aceea\u0219i dat\u0103 cu majoritatea rom\u00e2nilor, \u0219i asta pare a fi bine, practic \u0219i \u00een\u021belept.<\/p>\n<p>Astfel noi s\u0103rb\u0103torim cu to\u021bi, cu Apusul, cu R\u0103s\u0103ritul, cu protestan\u021bii, cu Anglicanii, cu reforma\u021bii, etc&#8230;, pentru c\u0103 pa\u0219tele nostru <strong><em>nu este o dat\u0103 din calendar, ci o Persoan\u0103 din Biblie &#8211; Hristos.<\/em><\/strong> El a fost mort, dar iat\u0103 c\u0103 este viu \u00een 9 Aprilie, \u00een 16 Aprilie, \u00een fiecare zi din toate calendarele \u0219i \u00een vecii vecilor.<\/p>\n<p>A\u0219adar, nu e gre\u0219it s\u0103 s\u0103rb\u0103torim \u0219i s\u0103 spunem \u00een fiecare zi: <strong><u>Hristos a \u00cenviat!<\/u><\/strong><\/p>\n<p>Fi\u021bi binecuv\u00e2nta\u021bi!<\/p>\n<p>&nbsp;<\/p>\n<p>Fratele p\u0103stor Ilie Mondoc<\/p>\n<p>Aprilie 2023, Biserica Baptist\u0103 Independent\u0103 FILADELFIA Rm-V\u00e2lcea<\/p>\n<p>&nbsp;<\/p>\n ","protected":false},"excerpt":{"rendered":"<p>\u201eM\u0103tura\u021bi aluatul cel vechi, ca s\u0103 fi\u021bi o pl\u0103m\u0103deal\u0103 nou\u0103, cum \u0219i s\u00eente\u021bi, f\u0103r\u0103 aluat; c\u0103ci Hristos, Pa\u0219tele noastre, a fost jertfit.\u00a0S\u0103 pr\u0103znuim dar praznicul nu cu un aluat vechi, nici cu un aluat de r\u0103utate \u0219i viclenie, ci cu azimele cur\u0103\u021biei \u0219i adev\u0103rului. \u201d\u00a0 1Cor 5:7-8\u00a0\u00a0 Zilele trecute a ie\u0219it \u00een media o discordie &hellip; <a href=\"https:\/\/abifiladelfia-vl.org\/index.php\/2023\/04\/15\/pastele-adevarat\/\" class=\"more-link\">Continu\u0103 s\u0103 cite\u0219ti <span class=\"screen-reader-text\">PA\u0218TELE ADEV\u0102RAT<\/span><\/a><\/p>\n","protected":false},"author":1,"featured_media":2237,"comment_status":"closed","ping_status":"open","sticky":false,"template":"","format":"standard","meta":{"_jetpack_memberships_contains_paid_content":false,"footnotes":"","jetpack_publicize_message":"","jetpack_publicize_feature_enabled":true,"jetpack_social_post_already_shared":true,"jetpack_social_options":{"image_generator_settings":{"template":"highway","default_image_id":0,"font":"","enabled":false},"version":2}},"categories":[6],"tags":[],"class_list":["post-2235","post","type-post","status-publish","format-standard","has-post-thumbnail","hentry","category-meditatii"],"jetpack_publicize_connections":[],"jetpack_featured_media_url":"https:\/\/i0.wp.com\/abifiladelfia-vl.org\/wp-content\/uploads\/2023\/04\/adevaratul_paste.png?fit=1640%2C924&ssl=1","jetpack_sharing_enabled":true,"_links":{"self":[{"href":"https:\/\/abifiladelfia-vl.org\/index.php\/wp-json\/wp\/v2\/posts\/2235","targetHints":{"allow":["GET"]}}],"collection":[{"href":"https:\/\/abifiladelfia-vl.org\/index.php\/wp-json\/wp\/v2\/posts"}],"about":[{"href":"https:\/\/abifiladelfia-vl.org\/index.php\/wp-json\/wp\/v2\/types\/post"}],"author":[{"embeddable":true,"href":"https:\/\/abifiladelfia-vl.org\/index.php\/wp-json\/wp\/v2\/users\/1"}],"replies":[{"embeddable":true,"href":"https:\/\/abifiladelfia-vl.org\/index.php\/wp-json\/wp\/v2\/comments?post=2235"}],"version-history":[{"count":1,"href":"https:\/\/abifiladelfia-vl.org\/index.php\/wp-json\/wp\/v2\/posts\/2235\/revisions"}],"predecessor-version":[{"id":2238,"href":"https:\/\/abifiladelfia-vl.org\/index.php\/wp-json\/wp\/v2\/posts\/2235\/revisions\/2238"}],"wp:featuredmedia":[{"embeddable":true,"href":"https:\/\/abifiladelfia-vl.org\/index.php\/wp-json\/wp\/v2\/media\/2237"}],"wp:attachment":[{"href":"https:\/\/abifiladelfia-vl.org\/index.php\/wp-json\/wp\/v2\/media?parent=2235"}],"wp:term":[{"taxonomy":"category","embeddable":true,"href":"https:\/\/abifiladelfia-vl.org\/index.php\/wp-json\/wp\/v2\/categories?post=2235"},{"taxonomy":"post_tag","embeddable":true,"href":"https:\/\/abifiladelfia-vl.org\/index.php\/wp-json\/wp\/v2\/tags?post=2235"}],"curies":[{"name":"wp","href":"https:\/\/api.w.org\/{rel}","templated":true}]}}